{"id":3231,"date":"2016-12-12T00:05:47","date_gmt":"2016-12-11T22:05:47","guid":{"rendered":"https:\/\/mouseio-psomiou.com\/oi-dromoi-tou-psomiou-sto-laiko-politismo\/"},"modified":"2024-02-24T14:35:05","modified_gmt":"2024-02-24T12:35:05","slug":"les-rues-du-pain-dans-la-culture-populaire-stade-de-la-paix-et-de-lamitie","status":"publish","type":"post","link":"https:\/\/mouseio-psomiou.com\/fr\/les-rues-du-pain-dans-la-culture-populaire-stade-de-la-paix-et-de-lamitie\/","title":{"rendered":"Les rues du pain dans la culture populaire (stade de la paix et de l&rsquo;amiti\u00e9)"},"content":{"rendered":"<div class=\"col-xs-12 col-sm-12 col-md-12 col-lg-12 left_content\">\n<p><strong>Varnavas et la culture populaire<\/strong><\/p>\n<p>Le rendez-vous annuel des collectivit\u00e9s locales et de la culture s&rsquo;est d\u00e9roul\u00e9 cette ann\u00e9e encore au <strong>stade de la Paix et de l&rsquo;Amiti\u00e9<\/strong>, du 20 au 22 mars. Un \u00e9v\u00e9nement d&rsquo;une importance et d&rsquo;une valeur particuli\u00e8res puisqu&rsquo;il a r\u00e9uni des personnes qui consacrent leur vie \u00e0 la pr\u00e9servation et \u00e0 la promotion de nos traditions folkloriques et de notre culture populaire, et qui viennent de presque toute la Gr\u00e8ce.<\/p>\n<p>En Attique du Nord, le mus\u00e9e historique du folklore et le mus\u00e9e du pain de Varnavas ont particip\u00e9 \u00e0 l&rsquo;\u00e9v\u00e9nement, pr\u00e9sentant \u00e0 la fois la culture de Barnab\u00e9 et de l&rsquo;Attique du Nord et les coutumes du \u00ab\u00a0pain brod\u00e9\u00a0\u00bb en Gr\u00e8ce et \u00e0 l&rsquo;\u00e9tranger. La vari\u00e9t\u00e9 des dizaines d&rsquo;objets expos\u00e9s et la mani\u00e8re dont ils ont \u00e9t\u00e9 pr\u00e9sent\u00e9s ont suscit\u00e9 l&rsquo;admiration des organisateurs, des participants et des milliers de visiteurs. Le site du Mus\u00e9e historique du folklore et du Mus\u00e9e du pain de Varnavas a \u00e9t\u00e9 visit\u00e9, entre autres, par des maires, des adjoints au maire et des pr\u00e9fets de tout le pays, ainsi que par des dizaines d&rsquo;institutions culturelles et de groupes de danse.<\/p>\n<p>Les b\u00e9n\u00e9voles et les volontaires du mus\u00e9e, dirig\u00e9s par le conseiller pr\u00e9fectoral de la pr\u00e9fecture de l&rsquo;Attique orientale, M. Petros Katsikis, et la pr\u00e9sidente de la soci\u00e9t\u00e9 folklorique, Mme Milea Pappa, ont accueilli les visiteurs, tandis que le sujet de la discussion portait sur la fa\u00e7on dont la culture devrait jouer un r\u00f4le de premier plan avec son propre r\u00f4le autonome dans le gouvernement local et pr\u00e9fectoral. Les deux institutions susmentionn\u00e9es tiennent \u00e0 remercier publiquement les d\u00e9corateurs b\u00e9n\u00e9voles Panagiotis et Metaxia Psychogiou qui, gr\u00e2ce \u00e0 leurs connaissances et \u00e0 leur passion, ont permis aux visiteurs de cette exposition d&rsquo;obtenir un r\u00e9sultat \u00e9tonnant. Les efforts du mus\u00e9e du pain se concentrent sur le prochain \u00e9v\u00e9nement important et pionnier, le dimanche 5 avril \u00e0 18 heures \u00e0 Varnavas, o\u00f9, en coop\u00e9ration avec l&rsquo;association gr\u00e9co-palestinienne en Gr\u00e8ce, \u00ab\u00a0le pain de la paix\u00a0\u00bb aura le premier mot.<\/p>\n<\/div>\n<span class=\"et_bloom_bottom_trigger\"><\/span>","protected":false},"excerpt":{"rendered":"<p>Varnavas et la culture populaire Le rendez-vous annuel des collectivit\u00e9s locales et de la culture s&rsquo;est d\u00e9roul\u00e9 cette ann\u00e9e encore au stade de la Paix et de l&rsquo;Amiti\u00e9, du 20 au 22 mars. Un \u00e9v\u00e9nement d&rsquo;une importance et d&rsquo;une valeur particuli\u00e8res puisqu&rsquo;il a r\u00e9uni des personnes qui consacrent leur vie \u00e0 la pr\u00e9servation et \u00e0 [&hellip;]<\/p>\n","protected":false},"author":1,"featured_media":0,"comment_status":"open","ping_status":"open","sticky":false,"template":"","format":"standard","meta":{"_et_pb_use_builder":"","_et_pb_old_content":"","_et_gb_content_width":"","ngg_post_thumbnail":0,"footnotes":""},"categories":[26],"tags":[],"class_list":["post-3231","post","type-post","status-publish","format-standard","hentry","category-dromospsomiou-fr"],"_links":{"self":[{"href":"https:\/\/mouseio-psomiou.com\/fr\/wp-json\/wp\/v2\/posts\/3231","targetHints":{"allow":["GET"]}}],"collection":[{"href":"https:\/\/mouseio-psomiou.com\/fr\/wp-json\/wp\/v2\/posts"}],"about":[{"href":"https:\/\/mouseio-psomiou.com\/fr\/wp-json\/wp\/v2\/types\/post"}],"author":[{"embeddable":true,"href":"https:\/\/mouseio-psomiou.com\/fr\/wp-json\/wp\/v2\/users\/1"}],"replies":[{"embeddable":true,"href":"https:\/\/mouseio-psomiou.com\/fr\/wp-json\/wp\/v2\/comments?post=3231"}],"version-history":[{"count":2,"href":"https:\/\/mouseio-psomiou.com\/fr\/wp-json\/wp\/v2\/posts\/3231\/revisions"}],"predecessor-version":[{"id":3355,"href":"https:\/\/mouseio-psomiou.com\/fr\/wp-json\/wp\/v2\/posts\/3231\/revisions\/3355"}],"wp:attachment":[{"href":"https:\/\/mouseio-psomiou.com\/fr\/wp-json\/wp\/v2\/media?parent=3231"}],"wp:term":[{"taxonomy":"category","embeddable":true,"href":"https:\/\/mouseio-psomiou.com\/fr\/wp-json\/wp\/v2\/categories?post=3231"},{"taxonomy":"post_tag","embeddable":true,"href":"https:\/\/mouseio-psomiou.com\/fr\/wp-json\/wp\/v2\/tags?post=3231"}],"curies":[{"name":"wp","href":"https:\/\/api.w.org\/{rel}","templated":true}]}}