{"id":3258,"date":"2016-12-12T01:07:28","date_gmt":"2016-12-11T23:07:28","guid":{"rendered":"https:\/\/mouseio-psomiou.com\/oi-dromoi-tou-psomiou-sti-lefkada\/"},"modified":"2024-02-24T15:42:17","modified_gmt":"2024-02-24T13:42:17","slug":"les-rues-du-pain-dans-la-municipalite-de-leucade","status":"publish","type":"post","link":"https:\/\/mouseio-psomiou.com\/fr\/les-rues-du-pain-dans-la-municipalite-de-leucade\/","title":{"rendered":"Les rues du pain dans la municipalit\u00e9 de Leucade"},"content":{"rendered":"<div class=\"col-xs-12 col-sm-12 col-md-12 col-lg-12 left_content\">\n<p>Les salles d&rsquo;art du <strong>centre culturel de la municipalit\u00e9 de Lefkada<\/strong> ont accueilli une exposition diff\u00e9rente et tr\u00e8s remarquable du mus\u00e9e historique folklorique de Varnavas, avec des \u0153uvres d&rsquo;art faites de pain\u00a0\u00bb (extrait de TA NEA OF LEFKADA, Grand mardi, 3 avril 2007).<\/p>\n<p><img loading=\"lazy\" decoding=\"async\" class=\"alignnone size-full wp-image-747\" src=\"http:\/\/mouseio-psomiou.com\/wp-content\/uploads\/2016\/12\/oi_dromoi_toy_pswmioy_sth_leykada_2.jpg\" alt=\"\" width=\"450\" height=\"338\" srcset=\"https:\/\/mouseio-psomiou.com\/wp-content\/uploads\/2016\/12\/oi_dromoi_toy_pswmioy_sth_leykada_2.jpg 450w, https:\/\/mouseio-psomiou.com\/wp-content\/uploads\/2016\/12\/oi_dromoi_toy_pswmioy_sth_leykada_2-300x225.jpg 300w\" sizes=\"(max-width: 450px) 100vw, 450px\" \/><\/p>\n<p>Dans la belle \u00eele de Lefkada, l&rsquo;\u00eele de la musique et des arts, l&rsquo;\u00eele d&rsquo;Angelos Sikelianos et d&rsquo;Aristote Valaoritis, \u00ab\u00a0Les routes du pain\u00a0\u00bb du mus\u00e9e folklorique historique de Varnavas a fait une halte. L&rsquo;exposition a \u00e9t\u00e9 organis\u00e9e \u00e0 l&rsquo;initiative du groupe musical et philologique \u00ab\u00a0ORFEYS\u00a0\u00bb, qui c\u00e9l\u00e8bre cette ann\u00e9e le 70e anniversaire de sa contribution \u00e0 Leucade. Cet \u00e9v\u00e9nement important a \u00e9t\u00e9 introduit par le pr\u00e9sident d&rsquo;ORFEAS, M. Kostas Katopodis, la pr\u00e9sidente du mus\u00e9e folklorique de Leucade, Mme Toula Sklirou, et la pr\u00e9sidente de l&rsquo;I.L.M.B., Mme Milea Pappa. Les trois orateurs principaux ont \u00e9voqu\u00e9 l&rsquo;importance du pain depuis l&rsquo;antiquit\u00e9 jusqu&rsquo;\u00e0 nos jours, ainsi que \u00ab\u00a0l&rsquo;excellent effort de collecte de pains traditionnels par le mus\u00e9e historique du folklore de Varnavas\u00a0\u00bb. Un effort de contribution et d&rsquo;histoire pour notre pays\u00a0\u00bb, comme il a \u00e9t\u00e9 soulign\u00e9.<\/p>\n<p><img loading=\"lazy\" decoding=\"async\" class=\"alignnone size-full wp-image-746\" src=\"http:\/\/mouseio-psomiou.com\/wp-content\/uploads\/2016\/12\/oi_dromoi_toy_pswmioy_sth_leykada_1.jpg\" alt=\"\" width=\"500\" height=\"374\" srcset=\"https:\/\/mouseio-psomiou.com\/wp-content\/uploads\/2016\/12\/oi_dromoi_toy_pswmioy_sth_leykada_1.jpg 500w, https:\/\/mouseio-psomiou.com\/wp-content\/uploads\/2016\/12\/oi_dromoi_toy_pswmioy_sth_leykada_1-300x224.jpg 300w\" sizes=\"(max-width: 500px) 100vw, 500px\" \/><\/p>\n<p>Mme Milea Pappa a \u00e9voqu\u00e9 en d\u00e9tail toutes les expositions de pains repr\u00e9sentant l&rsquo;ensemble du territoire grec et les douze pays \u00e9trangers, et a soulign\u00e9 \u00ab\u00a0qu&rsquo;un peuple sans tradition et sans m\u00e9moire n&rsquo;a pas d&rsquo;avenir\u00a0\u00bb. L&rsquo;exposition, qui a \u00e9t\u00e9 couverte par la presse locale (Lefkada news) et la cha\u00eene de t\u00e9l\u00e9vision locale, est rest\u00e9e sur l&rsquo;\u00eele pendant dix jours. Elle a \u00e9t\u00e9 visit\u00e9e par des centaines de citoyens, dont le maire de Lefkada, le vice-pr\u00e9sident du centre culturel, le conseil d&rsquo;administration d&rsquo;Orpheus et du mus\u00e9e folklorique de Lefkada \u00ab\u00a0Pantazi Kontomichi\u00a0\u00bb, ainsi que des repr\u00e9sentants d&rsquo;institutions, d&rsquo;associations et d&rsquo;\u00e9coles. \u00ab\u00a0Les rues du pain\u00a0\u00bb se poursuivront pour les prochaines \u00e9tapes dans les villes de notre pays et \u00e0 l&rsquo;\u00e9tranger.<\/p>\n<\/div>\n<span class=\"et_bloom_bottom_trigger\"><\/span>","protected":false},"excerpt":{"rendered":"<p>Les salles d&rsquo;art du centre culturel de la municipalit\u00e9 de Lefkada ont accueilli une exposition diff\u00e9rente et tr\u00e8s remarquable du mus\u00e9e historique folklorique de Varnavas, avec des \u0153uvres d&rsquo;art faites de pain\u00a0\u00bb (extrait de TA NEA OF LEFKADA, Grand mardi, 3 avril 2007). Dans la belle \u00eele de Lefkada, l&rsquo;\u00eele de la musique et des [&hellip;]<\/p>\n","protected":false},"author":1,"featured_media":0,"comment_status":"open","ping_status":"open","sticky":false,"template":"","format":"standard","meta":{"_et_pb_use_builder":"","_et_pb_old_content":"","_et_gb_content_width":"","ngg_post_thumbnail":0,"footnotes":""},"categories":[26],"tags":[],"class_list":["post-3258","post","type-post","status-publish","format-standard","hentry","category-dromospsomiou-fr"],"_links":{"self":[{"href":"https:\/\/mouseio-psomiou.com\/fr\/wp-json\/wp\/v2\/posts\/3258","targetHints":{"allow":["GET"]}}],"collection":[{"href":"https:\/\/mouseio-psomiou.com\/fr\/wp-json\/wp\/v2\/posts"}],"about":[{"href":"https:\/\/mouseio-psomiou.com\/fr\/wp-json\/wp\/v2\/types\/post"}],"author":[{"embeddable":true,"href":"https:\/\/mouseio-psomiou.com\/fr\/wp-json\/wp\/v2\/users\/1"}],"replies":[{"embeddable":true,"href":"https:\/\/mouseio-psomiou.com\/fr\/wp-json\/wp\/v2\/comments?post=3258"}],"version-history":[{"count":2,"href":"https:\/\/mouseio-psomiou.com\/fr\/wp-json\/wp\/v2\/posts\/3258\/revisions"}],"predecessor-version":[{"id":3362,"href":"https:\/\/mouseio-psomiou.com\/fr\/wp-json\/wp\/v2\/posts\/3258\/revisions\/3362"}],"wp:attachment":[{"href":"https:\/\/mouseio-psomiou.com\/fr\/wp-json\/wp\/v2\/media?parent=3258"}],"wp:term":[{"taxonomy":"category","embeddable":true,"href":"https:\/\/mouseio-psomiou.com\/fr\/wp-json\/wp\/v2\/categories?post=3258"},{"taxonomy":"post_tag","embeddable":true,"href":"https:\/\/mouseio-psomiou.com\/fr\/wp-json\/wp\/v2\/tags?post=3258"}],"curies":[{"name":"wp","href":"https:\/\/api.w.org\/{rel}","templated":true}]}}